{"id":5708,"date":"2026-08-31T13:53:55","date_gmt":"2026-08-31T11:53:55","guid":{"rendered":"https:\/\/mittnordvast.se\/?p=5708"},"modified":"2026-09-01T10:04:42","modified_gmt":"2026-09-01T08:04:42","slug":"en-fargglad-eftermiddag","status":"publish","type":"post","link":"https:\/\/mittnordvast.se\/en\/en-fargglad-eftermiddag\/","title":{"rendered":"A colorful afternoon"},"content":{"rendered":"<p><strong>L\u00f6rdagen den 29 augusti<\/strong> anordnade vi en workshop i traditionell f\u00e4rg och m\u00e5leriteknik inom ramen f\u00f6r v\u00e5rt projekt Hitta Hem i Mitt Nordv\u00e4st. Workshopledare var Maria Attstr\u00f6m fr\u00e5n Econyans, med \u00f6ver 20 \u00e5rs erfarenhet av att arbeta med traditionell f\u00e4rg. Trots n\u00e5gra regnskurar blev det en intressant och matnyttig eftermiddag.<\/p>\n\n\t\t<div class='et-image-slider et_sliderfx_slide et_sliderauto_true et_sliderauto_speed_5000 et_slidertype_images'>\n\t\t\t<div class='et-image-slides'>\n\t\t\t\t<div class='et-tabs-content-wrapper'>\n\t\t\t\t\t<div class='et_slidecontent et-image-slide'><img decoding=\"async\" src=\"https:\/\/mittnordvast.se\/wp-content\/uploads\/sites\/31\/2023\/01\/DSC03025-scaled.jpg\" alt=\"\" width=\"undefined\" height=\"undefined\" srcset=\"https:\/\/mittnordvast.se\/wp-content\/uploads\/sites\/31\/2023\/01\/DSC03025-scaled.jpg 2560w, https:\/\/mittnordvast.se\/wp-content\/uploads\/sites\/31\/2023\/01\/DSC03025-1280x854.jpg 1280w, https:\/\/mittnordvast.se\/wp-content\/uploads\/sites\/31\/2023\/01\/DSC03025-980x653.jpg 980w, https:\/\/mittnordvast.se\/wp-content\/uploads\/sites\/31\/2023\/01\/DSC03025-480x320.jpg 480w\" sizes=\"(min-width: 0px) and (max-width: 480px) 480px, (min-width: 481px) and (max-width: 980px) 980px, (min-width: 981px) and (max-width: 1280px) 1280px, (min-width: 1281px) 2560px, 100vw\" \/><span class='et-image-overlay'> <\/span><\/div>\n\t\t<div class='et_slidecontent et-image-slide'><img decoding=\"async\" src=\"https:\/\/mittnordvast.se\/wp-content\/uploads\/sites\/31\/2023\/01\/DSC03037-scaled.jpg\" alt=\"\" width=\"undefined\" height=\"undefined\" srcset=\"https:\/\/mittnordvast.se\/wp-content\/uploads\/sites\/31\/2023\/01\/DSC03037-scaled.jpg 2560w, https:\/\/mittnordvast.se\/wp-content\/uploads\/sites\/31\/2023\/01\/DSC03037-1280x854.jpg 1280w, https:\/\/mittnordvast.se\/wp-content\/uploads\/sites\/31\/2023\/01\/DSC03037-980x653.jpg 980w, https:\/\/mittnordvast.se\/wp-content\/uploads\/sites\/31\/2023\/01\/DSC03037-480x320.jpg 480w\" sizes=\"(min-width: 0px) and (max-width: 480px) 480px, (min-width: 481px) and (max-width: 980px) 980px, (min-width: 981px) and (max-width: 1280px) 1280px, (min-width: 1281px) 2560px, 100vw\" \/><span class='et-image-overlay'> <\/span><\/div> \n\t\t<div class='et_slidecontent et-image-slide'><img decoding=\"async\" src=\"https:\/\/mittnordvast.se\/wp-content\/uploads\/sites\/31\/2023\/01\/DSC03041-scaled.jpg\" alt=\"\" width=\"undefined\" height=\"undefined\" srcset=\"https:\/\/mittnordvast.se\/wp-content\/uploads\/sites\/31\/2023\/01\/DSC03041-scaled.jpg 2560w, https:\/\/mittnordvast.se\/wp-content\/uploads\/sites\/31\/2023\/01\/DSC03041-1280x854.jpg 1280w, https:\/\/mittnordvast.se\/wp-content\/uploads\/sites\/31\/2023\/01\/DSC03041-980x653.jpg 980w, https:\/\/mittnordvast.se\/wp-content\/uploads\/sites\/31\/2023\/01\/DSC03041-480x320.jpg 480w\" sizes=\"(min-width: 0px) and (max-width: 480px) 480px, (min-width: 481px) and (max-width: 980px) 980px, (min-width: 981px) and (max-width: 1280px) 1280px, (min-width: 1281px) 2560px, 100vw\" \/><span class='et-image-overlay'> <\/span><\/div>\n\t\t\t\t<\/div>\n\t\t\t<\/div>\n\t\t<\/div>\n\t\t\n<p>Deltagarna fick l\u00e4ra sig olika knep f\u00f6r hur man kan utr\u00f6na vilken f\u00e4rg det \u00e4r som sitter p\u00e5 en v\u00e4gg, hur sv\u00e5rt det faktiskt kan vara och vilka f\u00e4rger som \u00e4r l\u00e4mpliga p\u00e5 olika ytor och i olika syften. De fick \u00e4ven se och prova jobba med bland annat \u00e4ggoljetempera, slamf\u00e4rg och kalkf\u00e4rg.<\/p>\n\n\t\t<div class='et-image-slider et_sliderfx_slide et_sliderauto_true et_sliderauto_speed_5000 et_slidertype_images'>\n\t\t\t<div class='et-image-slides'>\n\t\t\t\t<div class='et-tabs-content-wrapper'>\n\t\t\t\t\t<div class='et_slidecontent et-image-slide'><img decoding=\"async\" src=\"https:\/\/mittnordvast.se\/wp-content\/uploads\/sites\/31\/2023\/01\/DSC03038-scaled.jpg\" alt=\"\" width=\"undefined\" height=\"undefined\" srcset=\"https:\/\/mittnordvast.se\/wp-content\/uploads\/sites\/31\/2023\/01\/DSC03038-scaled.jpg 2560w, https:\/\/mittnordvast.se\/wp-content\/uploads\/sites\/31\/2023\/01\/DSC03038-1280x854.jpg 1280w, https:\/\/mittnordvast.se\/wp-content\/uploads\/sites\/31\/2023\/01\/DSC03038-980x653.jpg 980w, https:\/\/mittnordvast.se\/wp-content\/uploads\/sites\/31\/2023\/01\/DSC03038-480x320.jpg 480w\" sizes=\"(min-width: 0px) and (max-width: 480px) 480px, (min-width: 481px) and (max-width: 980px) 980px, (min-width: 981px) and (max-width: 1280px) 1280px, (min-width: 1281px) 2560px, 100vw\" \/><span class='et-image-overlay'> <\/span><\/div> \n\t\t<div class='et_slidecontent et-image-slide'><img decoding=\"async\" src=\"https:\/\/mittnordvast.se\/wp-content\/uploads\/sites\/31\/2023\/01\/DSC03045-scaled.jpg\" alt=\"\" width=\"undefined\" height=\"undefined\" srcset=\"https:\/\/mittnordvast.se\/wp-content\/uploads\/sites\/31\/2023\/01\/DSC03045-scaled.jpg 2560w, https:\/\/mittnordvast.se\/wp-content\/uploads\/sites\/31\/2023\/01\/DSC03045-1280x854.jpg 1280w, https:\/\/mittnordvast.se\/wp-content\/uploads\/sites\/31\/2023\/01\/DSC03045-980x653.jpg 980w, https:\/\/mittnordvast.se\/wp-content\/uploads\/sites\/31\/2023\/01\/DSC03045-480x320.jpg 480w\" sizes=\"(min-width: 0px) and (max-width: 480px) 480px, (min-width: 481px) and (max-width: 980px) 980px, (min-width: 981px) and (max-width: 1280px) 1280px, (min-width: 1281px) 2560px, 100vw\" \/><span class='et-image-overlay'> <\/span><\/div> \n\t\t<div class='et_slidecontent et-image-slide'><img decoding=\"async\" src=\"https:\/\/mittnordvast.se\/wp-content\/uploads\/sites\/31\/2023\/01\/DSC03056-scaled.jpg\" alt=\"\" width=\"undefined\" height=\"undefined\" srcset=\"https:\/\/mittnordvast.se\/wp-content\/uploads\/sites\/31\/2023\/01\/DSC03056-scaled.jpg 2560w, https:\/\/mittnordvast.se\/wp-content\/uploads\/sites\/31\/2023\/01\/DSC03056-1280x854.jpg 1280w, https:\/\/mittnordvast.se\/wp-content\/uploads\/sites\/31\/2023\/01\/DSC03056-980x653.jpg 980w, https:\/\/mittnordvast.se\/wp-content\/uploads\/sites\/31\/2023\/01\/DSC03056-480x320.jpg 480w\" sizes=\"(min-width: 0px) and (max-width: 480px) 480px, (min-width: 481px) and (max-width: 980px) 980px, (min-width: 981px) and (max-width: 1280px) 1280px, (min-width: 1281px) 2560px, 100vw\" \/><span class='et-image-overlay'> <\/span><\/div>\n\t\t\t\t<\/div>\n\t\t\t<\/div>\n\t\t<\/div>\n\t\t\n<p>Vi var lite extra glada \u00f6ver att kunna h\u00e5lla workshopen p\u00e5 Holma Folkh\u00f6gskola i H\u00f6\u00f6r, eftersom de \u00e4r aktiva med leaderprojektet <em>Mellan raderna &#8211; sm\u00e5skalig agroforestry f\u00f6r h\u00e5llbar matproduktion.<\/em> Det \u00e4r alltid roligt att kunna samarbeta mellan leaderprojekt, och vi tackar Holma Folkh\u00f6gskola f\u00f6r m\u00f6jligheten att f\u00e5 h\u00e5lla workshopen d\u00e4r! Nyfiken p\u00e5 att veta mer om Mellan raderna? <a href=\"https:\/\/mittnordvast.se\/en\/projekt\/mellan-raderna-smaskalig-agroforestry-for-hallbar-matproduktion-och-beredskap\/\" target=\"_blank\" rel=\"noopener\">L\u00e4s mer h\u00e4r.<\/a><\/p>\n\n\t\t<div class='et-image-slider et_sliderfx_slide et_sliderauto_true et_sliderauto_speed_5000 et_slidertype_images'>\n\t\t\t<div class='et-image-slides'>\n\t\t\t\t<div class='et-tabs-content-wrapper'>\n\t\t\t\t\t<div class='et_slidecontent et-image-slide'><img decoding=\"async\" src=\"https:\/\/mittnordvast.se\/wp-content\/uploads\/sites\/31\/2023\/01\/DSC03046-scaled.jpg\" alt=\"\" width=\"undefined\" height=\"undefined\" srcset=\"https:\/\/mittnordvast.se\/wp-content\/uploads\/sites\/31\/2023\/01\/DSC03046-scaled.jpg 2560w, https:\/\/mittnordvast.se\/wp-content\/uploads\/sites\/31\/2023\/01\/DSC03046-1280x854.jpg 1280w, https:\/\/mittnordvast.se\/wp-content\/uploads\/sites\/31\/2023\/01\/DSC03046-980x653.jpg 980w, https:\/\/mittnordvast.se\/wp-content\/uploads\/sites\/31\/2023\/01\/DSC03046-480x320.jpg 480w\" sizes=\"(min-width: 0px) and (max-width: 480px) 480px, (min-width: 481px) and (max-width: 980px) 980px, (min-width: 981px) and (max-width: 1280px) 1280px, (min-width: 1281px) 2560px, 100vw\" \/><span class='et-image-overlay'> <\/span><\/div> \n\t\t<div class='et_slidecontent et-image-slide'><img decoding=\"async\" src=\"https:\/\/mittnordvast.se\/wp-content\/uploads\/sites\/31\/2023\/01\/DSC03054-scaled.jpg\" alt=\"\" width=\"undefined\" height=\"undefined\" srcset=\"https:\/\/mittnordvast.se\/wp-content\/uploads\/sites\/31\/2023\/01\/DSC03054-scaled.jpg 2560w, https:\/\/mittnordvast.se\/wp-content\/uploads\/sites\/31\/2023\/01\/DSC03054-1280x854.jpg 1280w, https:\/\/mittnordvast.se\/wp-content\/uploads\/sites\/31\/2023\/01\/DSC03054-980x653.jpg 980w, https:\/\/mittnordvast.se\/wp-content\/uploads\/sites\/31\/2023\/01\/DSC03054-480x320.jpg 480w\" sizes=\"(min-width: 0px) and (max-width: 480px) 480px, (min-width: 481px) and (max-width: 980px) 980px, (min-width: 981px) and (max-width: 1280px) 1280px, (min-width: 1281px) 2560px, 100vw\" \/><span class='et-image-overlay'> <\/span><\/div> \n\t\t<div class='et_slidecontent et-image-slide'><img decoding=\"async\" src=\"https:\/\/mittnordvast.se\/wp-content\/uploads\/sites\/31\/2023\/01\/DSC03057-scaled.jpg\" alt=\"\" width=\"undefined\" height=\"undefined\" srcset=\"https:\/\/mittnordvast.se\/wp-content\/uploads\/sites\/31\/2023\/01\/DSC03057-scaled.jpg 2560w, https:\/\/mittnordvast.se\/wp-content\/uploads\/sites\/31\/2023\/01\/DSC03057-1280x854.jpg 1280w, https:\/\/mittnordvast.se\/wp-content\/uploads\/sites\/31\/2023\/01\/DSC03057-980x653.jpg 980w, https:\/\/mittnordvast.se\/wp-content\/uploads\/sites\/31\/2023\/01\/DSC03057-480x320.jpg 480w\" sizes=\"(min-width: 0px) and (max-width: 480px) 480px, (min-width: 481px) and (max-width: 980px) 980px, (min-width: 981px) and (max-width: 1280px) 1280px, (min-width: 1281px) 2560px, 100vw\" \/><span class='et-image-overlay'> <\/span><\/div>\n\t\t\t\t<\/div>\n\t\t\t<\/div>\n\t\t<\/div>\n\t\t\n<p>Workshopen arrangerades inom ramen f\u00f6r v\u00e5rt projekt Hitta Hem i Mitt Nordv\u00e4st, i syfte att h\u00f6ja kunskapen om h\u00e5llbar renovering av \u00f6dehus. F\u00f6r att k\u00f6pa ett \u00f6dehus \u00e4r egentligen bara b\u00f6rjan. D\u00e4refter v\u00e4ntar m\u00e5nga \u00e5rs arbete med vilja, slit och ih\u00e4rdighet f\u00f6r att f\u00f6rvandla huset till ett hem. Vi vill d\u00e4rf\u00f6r hj\u00e4lpa m\u00e4nniskor p\u00e5 traven genom att f\u00f6rmedla matnyttig kunskap. Vi vill med det ocks\u00e5 f\u00f6rmedla att de inte \u00e4r ensamma i sin dr\u00f6m och tro p\u00e5 att ett ruckel \u00e4r n\u00e5got v\u00e4rt att ta till vara p\u00e5, utan delar den med m\u00e5nga. Denna workshop \u00e4r en liten del i det arbete, och vi tackar Maria Attstr\u00f6m f\u00f6r en intressant och roligt eftermiddag.<\/p>\n<p>Vi arrangerar l\u00f6pande f\u00f6rel\u00e4sningar och workshops inom projektet Hitta Hem i Mitt Nordv\u00e4st. Kika in p\u00e5 sidan nedan f\u00f6r att se vad som \u00e4r p\u00e5 g\u00e5ng \u2013 och inspelningar fr\u00e5n tidigare f\u00f6rel\u00e4sningar.<\/p>\n<p>&nbsp;<\/p>\n<a href='https:\/\/mittnordvast.se\/en\/hander-i-hitta-hem\/' class='small-button smallblue' target=\"_blank\">Upcoming in Find Home<\/a>","protected":false},"excerpt":{"rendered":"<p>Sammanfattning och bilder fr\u00e5n workshopen i traditionell f\u00e4rg och m\u00e5leriteknik den 29 augusti, som h\u00f6lls av kulturm\u00e5lare Maria Attstr\u00f6m p\u00e5 Holma Folkh\u00f6gskola inom ramen f\u00f6r Hitta Hem i Mitt Nordv\u00e4st.<\/p>","protected":false},"author":131,"featured_media":5715,"comment_status":"closed","ping_status":"closed","sticky":false,"template":"","format":"standard","meta":{"_acf_changed":false,"_et_pb_use_builder":"","_et_pb_old_content":"","_et_gb_content_width":"","footnotes":"","_links_to":"","_links_to_target":""},"categories":[53,61],"tags":[55],"class_list":["post-5708","post","type-post","status-publish","format-standard","has-post-thumbnail","hentry","category-berattelser-hitta-hem","category-genomforda-aktiviteter-hitta-hem","tag-hitta-hem"],"acf":[],"yoast_head":"<!-- This site is optimized with the Yoast SEO plugin v28.2 - https:\/\/yoast.com\/product\/yoast-seo-wordpress\/ -->\n<title>En f\u00e4rgglad eftermiddag - Leader Sk\u00e5ne Mitt Nordv\u00e4st<\/title>\n<meta name=\"description\" content=\"Sammanfattning av workshopen i traditionell f\u00e4rg och m\u00e5leriteknik den 29 augusti, som anordnades inom ramen f\u00f6r Hitta Hem i Mitt Nordv\u00e4st.\" \/>\n<meta name=\"robots\" content=\"index, follow, max-snippet:-1, max-image-preview:large, max-video-preview:-1\" \/>\n<link rel=\"canonical\" href=\"https:\/\/mittnordvast.se\/en\/en-fargglad-eftermiddag\/\" \/>\n<meta property=\"og:locale\" content=\"en_US\" \/>\n<meta property=\"og:type\" content=\"article\" \/>\n<meta property=\"og:title\" content=\"En f\u00e4rgglad eftermiddag - Leader Sk\u00e5ne Mitt Nordv\u00e4st\" \/>\n<meta property=\"og:description\" content=\"Sammanfattning av workshopen i traditionell f\u00e4rg och m\u00e5leriteknik den 29 augusti, som anordnades inom ramen f\u00f6r Hitta Hem i Mitt Nordv\u00e4st.\" \/>\n<meta property=\"og:url\" content=\"https:\/\/mittnordvast.se\/en\/en-fargglad-eftermiddag\/\" \/>\n<meta property=\"og:site_name\" content=\"Leader Sk\u00e5ne Mitt Nordv\u00e4st\" \/>\n<meta property=\"article:published_time\" content=\"2026-08-31T11:53:55+00:00\" \/>\n<meta property=\"article:modified_time\" content=\"2026-09-01T08:04:42+00:00\" \/>\n<meta property=\"og:image\" content=\"https:\/\/mittnordvast.se\/wp-content\/uploads\/sites\/31\/2023\/01\/DSC03042-scaled.jpg\" \/>\n\t<meta property=\"og:image:width\" content=\"2560\" \/>\n\t<meta property=\"og:image:height\" content=\"1707\" \/>\n\t<meta property=\"og:image:type\" content=\"image\/jpeg\" \/>\n<meta name=\"author\" content=\"pernilla\" \/>\n<meta name=\"twitter:card\" content=\"summary_large_image\" \/>\n<meta name=\"twitter:label1\" content=\"Written by\" \/>\n\t<meta name=\"twitter:data1\" content=\"pernilla\" \/>\n\t<meta name=\"twitter:label2\" content=\"Est. reading time\" \/>\n\t<meta name=\"twitter:data2\" content=\"2 minutes\" \/>\n<script type=\"application\/ld+json\" class=\"yoast-schema-graph\">{\"@context\":\"https:\\\/\\\/schema.org\",\"@graph\":[{\"@type\":\"Article\",\"@id\":\"https:\\\/\\\/mittnordvast.se\\\/en-fargglad-eftermiddag\\\/#article\",\"isPartOf\":{\"@id\":\"https:\\\/\\\/mittnordvast.se\\\/en-fargglad-eftermiddag\\\/\"},\"author\":{\"name\":\"pernilla\",\"@id\":\"https:\\\/\\\/mittnordvast.se\\\/#\\\/schema\\\/person\\\/7a00af11d5b6e43dffc5ea44faeed963\"},\"headline\":\"En f\u00e4rgglad eftermiddag\",\"datePublished\":\"2026-08-31T11:53:55+00:00\",\"dateModified\":\"2026-09-01T08:04:42+00:00\",\"mainEntityOfPage\":{\"@id\":\"https:\\\/\\\/mittnordvast.se\\\/en-fargglad-eftermiddag\\\/\"},\"wordCount\":553,\"image\":{\"@id\":\"https:\\\/\\\/mittnordvast.se\\\/en-fargglad-eftermiddag\\\/#primaryimage\"},\"thumbnailUrl\":\"https:\\\/\\\/mittnordvast.se\\\/wp-content\\\/uploads\\\/sites\\\/31\\\/2023\\\/01\\\/DSC03042-scaled.jpg\",\"keywords\":[\"Hitta Hem\"],\"articleSection\":[\"Ber\u00e4ttelser Hitta Hem\",\"Genomf\u00f6rda aktiviteter Hitta Hem\"],\"inLanguage\":\"en-US\"},{\"@type\":\"WebPage\",\"@id\":\"https:\\\/\\\/mittnordvast.se\\\/en-fargglad-eftermiddag\\\/\",\"url\":\"https:\\\/\\\/mittnordvast.se\\\/en-fargglad-eftermiddag\\\/\",\"name\":\"En f\u00e4rgglad eftermiddag - Leader Sk\u00e5ne Mitt Nordv\u00e4st\",\"isPartOf\":{\"@id\":\"https:\\\/\\\/mittnordvast.se\\\/#website\"},\"primaryImageOfPage\":{\"@id\":\"https:\\\/\\\/mittnordvast.se\\\/en-fargglad-eftermiddag\\\/#primaryimage\"},\"image\":{\"@id\":\"https:\\\/\\\/mittnordvast.se\\\/en-fargglad-eftermiddag\\\/#primaryimage\"},\"thumbnailUrl\":\"https:\\\/\\\/mittnordvast.se\\\/wp-content\\\/uploads\\\/sites\\\/31\\\/2023\\\/01\\\/DSC03042-scaled.jpg\",\"datePublished\":\"2026-08-31T11:53:55+00:00\",\"dateModified\":\"2026-09-01T08:04:42+00:00\",\"author\":{\"@id\":\"https:\\\/\\\/mittnordvast.se\\\/#\\\/schema\\\/person\\\/7a00af11d5b6e43dffc5ea44faeed963\"},\"description\":\"Sammanfattning av workshopen i traditionell f\u00e4rg och m\u00e5leriteknik den 29 augusti, som anordnades inom ramen f\u00f6r Hitta Hem i Mitt Nordv\u00e4st.\",\"breadcrumb\":{\"@id\":\"https:\\\/\\\/mittnordvast.se\\\/en-fargglad-eftermiddag\\\/#breadcrumb\"},\"inLanguage\":\"en-US\",\"potentialAction\":[{\"@type\":\"ReadAction\",\"target\":[\"https:\\\/\\\/mittnordvast.se\\\/en-fargglad-eftermiddag\\\/\"]}]},{\"@type\":\"ImageObject\",\"inLanguage\":\"en-US\",\"@id\":\"https:\\\/\\\/mittnordvast.se\\\/en-fargglad-eftermiddag\\\/#primaryimage\",\"url\":\"https:\\\/\\\/mittnordvast.se\\\/wp-content\\\/uploads\\\/sites\\\/31\\\/2023\\\/01\\\/DSC03042-scaled.jpg\",\"contentUrl\":\"https:\\\/\\\/mittnordvast.se\\\/wp-content\\\/uploads\\\/sites\\\/31\\\/2023\\\/01\\\/DSC03042-scaled.jpg\",\"width\":2560,\"height\":1707},{\"@type\":\"BreadcrumbList\",\"@id\":\"https:\\\/\\\/mittnordvast.se\\\/en-fargglad-eftermiddag\\\/#breadcrumb\",\"itemListElement\":[{\"@type\":\"ListItem\",\"position\":1,\"name\":\"Hem\",\"item\":\"https:\\\/\\\/mittnordvast.se\\\/\"},{\"@type\":\"ListItem\",\"position\":2,\"name\":\"En f\u00e4rgglad eftermiddag\"}]},{\"@type\":\"WebSite\",\"@id\":\"https:\\\/\\\/mittnordvast.se\\\/#website\",\"url\":\"https:\\\/\\\/mittnordvast.se\\\/\",\"name\":\"Leader Sk\u00e5ne Mitt Nordv\u00e4st\",\"description\":\"\",\"potentialAction\":[{\"@type\":\"SearchAction\",\"target\":{\"@type\":\"EntryPoint\",\"urlTemplate\":\"https:\\\/\\\/mittnordvast.se\\\/?s={search_term_string}\"},\"query-input\":{\"@type\":\"PropertyValueSpecification\",\"valueRequired\":true,\"valueName\":\"search_term_string\"}}],\"inLanguage\":\"en-US\"},{\"@type\":\"Person\",\"@id\":\"https:\\\/\\\/mittnordvast.se\\\/#\\\/schema\\\/person\\\/7a00af11d5b6e43dffc5ea44faeed963\",\"name\":\"pernilla\",\"image\":{\"@type\":\"ImageObject\",\"inLanguage\":\"en-US\",\"@id\":\"https:\\\/\\\/secure.gravatar.com\\\/avatar\\\/a986a4de57637593b7591342661c28c6dcbd301bf48ccaf91fa079f30ac56543?s=96&d=mm&r=g\",\"url\":\"https:\\\/\\\/secure.gravatar.com\\\/avatar\\\/a986a4de57637593b7591342661c28c6dcbd301bf48ccaf91fa079f30ac56543?s=96&d=mm&r=g\",\"contentUrl\":\"https:\\\/\\\/secure.gravatar.com\\\/avatar\\\/a986a4de57637593b7591342661c28c6dcbd301bf48ccaf91fa079f30ac56543?s=96&d=mm&r=g\",\"caption\":\"pernilla\"}}]}<\/script>\n<!-- \/ Yoast SEO plugin. -->","yoast_head_json":{"title":"En f\u00e4rgglad eftermiddag - Leader Sk\u00e5ne Mitt Nordv\u00e4st","description":"Sammanfattning av workshopen i traditionell f\u00e4rg och m\u00e5leriteknik den 29 augusti, som anordnades inom ramen f\u00f6r Hitta Hem i Mitt Nordv\u00e4st.","robots":{"index":"index","follow":"follow","max-snippet":"max-snippet:-1","max-image-preview":"max-image-preview:large","max-video-preview":"max-video-preview:-1"},"canonical":"https:\/\/mittnordvast.se\/en\/en-fargglad-eftermiddag\/","og_locale":"en_US","og_type":"article","og_title":"En f\u00e4rgglad eftermiddag - Leader Sk\u00e5ne Mitt Nordv\u00e4st","og_description":"Sammanfattning av workshopen i traditionell f\u00e4rg och m\u00e5leriteknik den 29 augusti, som anordnades inom ramen f\u00f6r Hitta Hem i Mitt Nordv\u00e4st.","og_url":"https:\/\/mittnordvast.se\/en\/en-fargglad-eftermiddag\/","og_site_name":"Leader Sk\u00e5ne Mitt Nordv\u00e4st","article_published_time":"2026-08-31T11:53:55+00:00","article_modified_time":"2026-09-01T08:04:42+00:00","og_image":[{"width":2560,"height":1707,"url":"https:\/\/mittnordvast.se\/wp-content\/uploads\/sites\/31\/2023\/01\/DSC03042-scaled.jpg","type":"image\/jpeg"}],"author":"pernilla","twitter_card":"summary_large_image","twitter_misc":{"Written by":"pernilla","Est. reading time":"2 minutes"},"schema":{"@context":"https:\/\/schema.org","@graph":[{"@type":"Article","@id":"https:\/\/mittnordvast.se\/en-fargglad-eftermiddag\/#article","isPartOf":{"@id":"https:\/\/mittnordvast.se\/en-fargglad-eftermiddag\/"},"author":{"name":"pernilla","@id":"https:\/\/mittnordvast.se\/#\/schema\/person\/7a00af11d5b6e43dffc5ea44faeed963"},"headline":"En f\u00e4rgglad eftermiddag","datePublished":"2026-08-31T11:53:55+00:00","dateModified":"2026-09-01T08:04:42+00:00","mainEntityOfPage":{"@id":"https:\/\/mittnordvast.se\/en-fargglad-eftermiddag\/"},"wordCount":553,"image":{"@id":"https:\/\/mittnordvast.se\/en-fargglad-eftermiddag\/#primaryimage"},"thumbnailUrl":"https:\/\/mittnordvast.se\/wp-content\/uploads\/sites\/31\/2023\/01\/DSC03042-scaled.jpg","keywords":["Hitta Hem"],"articleSection":["Ber\u00e4ttelser Hitta Hem","Genomf\u00f6rda aktiviteter Hitta Hem"],"inLanguage":"en-US"},{"@type":"WebPage","@id":"https:\/\/mittnordvast.se\/en-fargglad-eftermiddag\/","url":"https:\/\/mittnordvast.se\/en-fargglad-eftermiddag\/","name":"En f\u00e4rgglad eftermiddag - Leader Sk\u00e5ne Mitt Nordv\u00e4st","isPartOf":{"@id":"https:\/\/mittnordvast.se\/#website"},"primaryImageOfPage":{"@id":"https:\/\/mittnordvast.se\/en-fargglad-eftermiddag\/#primaryimage"},"image":{"@id":"https:\/\/mittnordvast.se\/en-fargglad-eftermiddag\/#primaryimage"},"thumbnailUrl":"https:\/\/mittnordvast.se\/wp-content\/uploads\/sites\/31\/2023\/01\/DSC03042-scaled.jpg","datePublished":"2026-08-31T11:53:55+00:00","dateModified":"2026-09-01T08:04:42+00:00","author":{"@id":"https:\/\/mittnordvast.se\/#\/schema\/person\/7a00af11d5b6e43dffc5ea44faeed963"},"description":"Sammanfattning av workshopen i traditionell f\u00e4rg och m\u00e5leriteknik den 29 augusti, som anordnades inom ramen f\u00f6r Hitta Hem i Mitt Nordv\u00e4st.","breadcrumb":{"@id":"https:\/\/mittnordvast.se\/en-fargglad-eftermiddag\/#breadcrumb"},"inLanguage":"en-US","potentialAction":[{"@type":"ReadAction","target":["https:\/\/mittnordvast.se\/en-fargglad-eftermiddag\/"]}]},{"@type":"ImageObject","inLanguage":"en-US","@id":"https:\/\/mittnordvast.se\/en-fargglad-eftermiddag\/#primaryimage","url":"https:\/\/mittnordvast.se\/wp-content\/uploads\/sites\/31\/2023\/01\/DSC03042-scaled.jpg","contentUrl":"https:\/\/mittnordvast.se\/wp-content\/uploads\/sites\/31\/2023\/01\/DSC03042-scaled.jpg","width":2560,"height":1707},{"@type":"BreadcrumbList","@id":"https:\/\/mittnordvast.se\/en-fargglad-eftermiddag\/#breadcrumb","itemListElement":[{"@type":"ListItem","position":1,"name":"Hem","item":"https:\/\/mittnordvast.se\/"},{"@type":"ListItem","position":2,"name":"En f\u00e4rgglad eftermiddag"}]},{"@type":"WebSite","@id":"https:\/\/mittnordvast.se\/#website","url":"https:\/\/mittnordvast.se\/","name":"Leader Sk\u00e5ne My Northwest","description":"","potentialAction":[{"@type":"SearchAction","target":{"@type":"EntryPoint","urlTemplate":"https:\/\/mittnordvast.se\/?s={search_term_string}"},"query-input":{"@type":"PropertyValueSpecification","valueRequired":true,"valueName":"search_term_string"}}],"inLanguage":"en-US"},{"@type":"Person","@id":"https:\/\/mittnordvast.se\/#\/schema\/person\/7a00af11d5b6e43dffc5ea44faeed963","name":"pernilla","image":{"@type":"ImageObject","inLanguage":"en-US","@id":"https:\/\/secure.gravatar.com\/avatar\/a986a4de57637593b7591342661c28c6dcbd301bf48ccaf91fa079f30ac56543?s=96&d=mm&r=g","url":"https:\/\/secure.gravatar.com\/avatar\/a986a4de57637593b7591342661c28c6dcbd301bf48ccaf91fa079f30ac56543?s=96&d=mm&r=g","contentUrl":"https:\/\/secure.gravatar.com\/avatar\/a986a4de57637593b7591342661c28c6dcbd301bf48ccaf91fa079f30ac56543?s=96&d=mm&r=g","caption":"pernilla"}}]}},"_links":{"self":[{"href":"https:\/\/mittnordvast.se\/en\/wp-json\/wp\/v2\/posts\/5708","targetHints":{"allow":["GET"]}}],"collection":[{"href":"https:\/\/mittnordvast.se\/en\/wp-json\/wp\/v2\/posts"}],"about":[{"href":"https:\/\/mittnordvast.se\/en\/wp-json\/wp\/v2\/types\/post"}],"author":[{"embeddable":true,"href":"https:\/\/mittnordvast.se\/en\/wp-json\/wp\/v2\/users\/131"}],"replies":[{"embeddable":true,"href":"https:\/\/mittnordvast.se\/en\/wp-json\/wp\/v2\/comments?post=5708"}],"version-history":[{"count":9,"href":"https:\/\/mittnordvast.se\/en\/wp-json\/wp\/v2\/posts\/5708\/revisions"}],"predecessor-version":[{"id":5734,"href":"https:\/\/mittnordvast.se\/en\/wp-json\/wp\/v2\/posts\/5708\/revisions\/5734"}],"wp:featuredmedia":[{"embeddable":true,"href":"https:\/\/mittnordvast.se\/en\/wp-json\/wp\/v2\/media\/5715"}],"wp:attachment":[{"href":"https:\/\/mittnordvast.se\/en\/wp-json\/wp\/v2\/media?parent=5708"}],"wp:term":[{"taxonomy":"category","embeddable":true,"href":"https:\/\/mittnordvast.se\/en\/wp-json\/wp\/v2\/categories?post=5708"},{"taxonomy":"post_tag","embeddable":true,"href":"https:\/\/mittnordvast.se\/en\/wp-json\/wp\/v2\/tags?post=5708"}],"curies":[{"name":"wp","href":"https:\/\/api.w.org\/{rel}","templated":true}]}}