{"id":5347,"date":"2026-06-30T13:12:11","date_gmt":"2026-06-30T11:12:11","guid":{"rendered":"https:\/\/mittnordvast.se\/?post_type=kalenderpost&#038;p=5347"},"modified":"2026-08-17T14:09:13","modified_gmt":"2026-08-17T12:09:13","slug":"foredrag-om-hitta-hem-i-mitt-nordvast-hos-studieforbundet-vuxenskolan-eslov","status":"publish","type":"kalenderpost","link":"https:\/\/mittnordvast.se\/en\/kalenderpost\/foredrag-om-hitta-hem-i-mitt-nordvast-hos-studieforbundet-vuxenskolan-eslov\/","title":{"rendered":"Lecture about Find Home in My Northwest at the Adult Education Association Esl\u00f6v"},"content":{"rendered":"<p>How can empty houses become new homes and contribute to vibrant rural areas?<\/p>\n<p>On Tuesday, December 8, project manager Pernilla Bj\u00f6rverud will visit the Adult Education Association Malm\u00f6 to talk about our project Find Home in My Northwest<\/p>\n<p>During the evening, Pernilla will explain why the issue of vacant houses is important, how the project works, and why empty houses can be a valuable resource for our rural areas.<\/p>\n<p>You will hear about why houses are left empty, what challenges can make it difficult to take care of them, and what consequences this has for the community. We will also discuss the work of mapping vacant houses, matching houses with new owners, and increasing knowledge about old houses, building preservation, and sustainable renovation.<\/p>\n<p>The lecture is aimed at both those who dream of buying and renovating an old house, and those who know of, own, or perhaps live next to a vacant house. An evening about houses, history, hope for the future, and the opportunities that exist when we make use of the resources that are already around us.<\/p>\n<p>More information will be available in the Adult Education Association Malm\u00f6's calendar, which is organizing the lecture.<\/p>\n<p>Time: 18:00-19:30<\/p>\n<p>Location: Adult Education Association Esl\u00f6v, Ystadv\u00e4gen 10, Esl\u00f6v<\/p>\n<p>NOTE! Registration required<\/p>\n<p>&nbsp;<\/p>\n<a href='https:\/\/www.sv.se\/kurser-och-evenemang\/samhalle\/hitta-hem-en-forelasning-om-hur-odehus-kan-hitta-nya-agare-och-bidra-till-landsbygdsutveckling-204840' class='small-button smallgreen' target=\"_blank\">More info and registration<\/a>","protected":false},"excerpt":{"rendered":"<p>Welcome to a lecture about Find Home in My Northwest and vacant houses at the Adult Education Association Esl\u00f6v on December 8 at 18:00-19:30.<\/p>","protected":false},"featured_media":5344,"template":"","meta":{"_acf_changed":false,"_et_pb_use_builder":"","_et_pb_old_content":"","_et_gb_content_width":"","_links_to":"","_links_to_target":""},"class_list":["post-5347","kalenderpost","type-kalenderpost","status-publish","has-post-thumbnail","hentry"],"acf":[],"yoast_head":"<!-- This site is optimized with the Yoast SEO plugin v28.2 - https:\/\/yoast.com\/product\/yoast-seo-wordpress\/ -->\n<title>F\u00f6redrag om Hitta Hem i Mitt Nordv\u00e4st hos Studief\u00f6rbundet Vuxenskolan Esl\u00f6v - Leader Sk\u00e5ne Mitt Nordv\u00e4st<\/title>\n<meta name=\"description\" content=\"V\u00e4lkommen p\u00e5 ett f\u00f6redrag om Hitta Hem i Mitt Nordv\u00e4st och \u00f6dehus hos Studief\u00f6rbundet Vuxenskolan Esl\u00f6v den 8 december klockan 18:00-19:30.\" \/>\n<meta name=\"robots\" content=\"index, follow, max-snippet:-1, max-image-preview:large, max-video-preview:-1\" \/>\n<link rel=\"canonical\" href=\"https:\/\/mittnordvast.se\/en\/kalenderpost\/foredrag-om-hitta-hem-i-mitt-nordvast-hos-studieforbundet-vuxenskolan-eslov\/\" \/>\n<meta property=\"og:locale\" content=\"en_US\" \/>\n<meta property=\"og:type\" content=\"article\" \/>\n<meta property=\"og:title\" content=\"F\u00f6redrag om Hitta Hem i Mitt Nordv\u00e4st hos Studief\u00f6rbundet Vuxenskolan Esl\u00f6v - Leader Sk\u00e5ne Mitt Nordv\u00e4st\" \/>\n<meta property=\"og:description\" content=\"V\u00e4lkommen p\u00e5 ett f\u00f6redrag om Hitta Hem i Mitt Nordv\u00e4st och \u00f6dehus hos Studief\u00f6rbundet Vuxenskolan Esl\u00f6v den 8 december klockan 18:00-19:30.\" \/>\n<meta property=\"og:url\" content=\"https:\/\/mittnordvast.se\/en\/kalenderpost\/foredrag-om-hitta-hem-i-mitt-nordvast-hos-studieforbundet-vuxenskolan-eslov\/\" \/>\n<meta property=\"og:site_name\" content=\"Leader Sk\u00e5ne Mitt Nordv\u00e4st\" \/>\n<meta property=\"article:modified_time\" content=\"2026-08-17T12:09:13+00:00\" \/>\n<meta property=\"og:image\" content=\"https:\/\/mittnordvast.se\/wp-content\/uploads\/sites\/31\/2026\/06\/DSC02918-scaled.jpg\" \/>\n\t<meta property=\"og:image:width\" content=\"2560\" \/>\n\t<meta property=\"og:image:height\" content=\"1707\" \/>\n\t<meta property=\"og:image:type\" content=\"image\/jpeg\" \/>\n<meta name=\"twitter:card\" content=\"summary_large_image\" \/>\n<meta name=\"twitter:label1\" content=\"Est. reading time\" \/>\n\t<meta name=\"twitter:data1\" content=\"2 minutes\" \/>\n<script type=\"application\/ld+json\" class=\"yoast-schema-graph\">{\"@context\":\"https:\\\/\\\/schema.org\",\"@graph\":[{\"@type\":\"WebPage\",\"@id\":\"https:\\\/\\\/mittnordvast.se\\\/kalenderpost\\\/foredrag-om-hitta-hem-i-mitt-nordvast-hos-studieforbundet-vuxenskolan-eslov\\\/\",\"url\":\"https:\\\/\\\/mittnordvast.se\\\/kalenderpost\\\/foredrag-om-hitta-hem-i-mitt-nordvast-hos-studieforbundet-vuxenskolan-eslov\\\/\",\"name\":\"F\u00f6redrag om Hitta Hem i Mitt Nordv\u00e4st hos Studief\u00f6rbundet Vuxenskolan Esl\u00f6v - Leader Sk\u00e5ne Mitt Nordv\u00e4st\",\"isPartOf\":{\"@id\":\"https:\\\/\\\/mittnordvast.se\\\/#website\"},\"primaryImageOfPage\":{\"@id\":\"https:\\\/\\\/mittnordvast.se\\\/kalenderpost\\\/foredrag-om-hitta-hem-i-mitt-nordvast-hos-studieforbundet-vuxenskolan-eslov\\\/#primaryimage\"},\"image\":{\"@id\":\"https:\\\/\\\/mittnordvast.se\\\/kalenderpost\\\/foredrag-om-hitta-hem-i-mitt-nordvast-hos-studieforbundet-vuxenskolan-eslov\\\/#primaryimage\"},\"thumbnailUrl\":\"https:\\\/\\\/mittnordvast.se\\\/wp-content\\\/uploads\\\/sites\\\/31\\\/2026\\\/06\\\/DSC02918-scaled.jpg\",\"datePublished\":\"2026-06-30T11:12:11+00:00\",\"dateModified\":\"2026-08-17T12:09:13+00:00\",\"description\":\"V\u00e4lkommen p\u00e5 ett f\u00f6redrag om Hitta Hem i Mitt Nordv\u00e4st och \u00f6dehus hos Studief\u00f6rbundet Vuxenskolan Esl\u00f6v den 8 december klockan 18:00-19:30.\",\"breadcrumb\":{\"@id\":\"https:\\\/\\\/mittnordvast.se\\\/kalenderpost\\\/foredrag-om-hitta-hem-i-mitt-nordvast-hos-studieforbundet-vuxenskolan-eslov\\\/#breadcrumb\"},\"inLanguage\":\"en-US\",\"potentialAction\":[{\"@type\":\"ReadAction\",\"target\":[\"https:\\\/\\\/mittnordvast.se\\\/kalenderpost\\\/foredrag-om-hitta-hem-i-mitt-nordvast-hos-studieforbundet-vuxenskolan-eslov\\\/\"]}]},{\"@type\":\"ImageObject\",\"inLanguage\":\"en-US\",\"@id\":\"https:\\\/\\\/mittnordvast.se\\\/kalenderpost\\\/foredrag-om-hitta-hem-i-mitt-nordvast-hos-studieforbundet-vuxenskolan-eslov\\\/#primaryimage\",\"url\":\"https:\\\/\\\/mittnordvast.se\\\/wp-content\\\/uploads\\\/sites\\\/31\\\/2026\\\/06\\\/DSC02918-scaled.jpg\",\"contentUrl\":\"https:\\\/\\\/mittnordvast.se\\\/wp-content\\\/uploads\\\/sites\\\/31\\\/2026\\\/06\\\/DSC02918-scaled.jpg\",\"width\":2560,\"height\":1707},{\"@type\":\"BreadcrumbList\",\"@id\":\"https:\\\/\\\/mittnordvast.se\\\/kalenderpost\\\/foredrag-om-hitta-hem-i-mitt-nordvast-hos-studieforbundet-vuxenskolan-eslov\\\/#breadcrumb\",\"itemListElement\":[{\"@type\":\"ListItem\",\"position\":1,\"name\":\"Hem\",\"item\":\"https:\\\/\\\/mittnordvast.se\\\/\"},{\"@type\":\"ListItem\",\"position\":2,\"name\":\"F\u00f6redrag om Hitta Hem i Mitt Nordv\u00e4st hos Studief\u00f6rbundet Vuxenskolan Esl\u00f6v\"}]},{\"@type\":\"WebSite\",\"@id\":\"https:\\\/\\\/mittnordvast.se\\\/#website\",\"url\":\"https:\\\/\\\/mittnordvast.se\\\/\",\"name\":\"Leader Sk\u00e5ne Mitt Nordv\u00e4st\",\"description\":\"\",\"potentialAction\":[{\"@type\":\"SearchAction\",\"target\":{\"@type\":\"EntryPoint\",\"urlTemplate\":\"https:\\\/\\\/mittnordvast.se\\\/?s={search_term_string}\"},\"query-input\":{\"@type\":\"PropertyValueSpecification\",\"valueRequired\":true,\"valueName\":\"search_term_string\"}}],\"inLanguage\":\"en-US\"}]}<\/script>\n<!-- \/ Yoast SEO plugin. -->","yoast_head_json":{"title":"F\u00f6redrag om Hitta Hem i Mitt Nordv\u00e4st hos Studief\u00f6rbundet Vuxenskolan Esl\u00f6v - Leader Sk\u00e5ne Mitt Nordv\u00e4st","description":"Welcome to a lecture about Find Home in My Northwest and vacant houses at the Adult Education Association Esl\u00f6v on December 8 at 18:00-19:30.","robots":{"index":"index","follow":"follow","max-snippet":"max-snippet:-1","max-image-preview":"max-image-preview:large","max-video-preview":"max-video-preview:-1"},"canonical":"https:\/\/mittnordvast.se\/en\/kalenderpost\/foredrag-om-hitta-hem-i-mitt-nordvast-hos-studieforbundet-vuxenskolan-eslov\/","og_locale":"en_US","og_type":"article","og_title":"F\u00f6redrag om Hitta Hem i Mitt Nordv\u00e4st hos Studief\u00f6rbundet Vuxenskolan Esl\u00f6v - Leader Sk\u00e5ne Mitt Nordv\u00e4st","og_description":"V\u00e4lkommen p\u00e5 ett f\u00f6redrag om Hitta Hem i Mitt Nordv\u00e4st och \u00f6dehus hos Studief\u00f6rbundet Vuxenskolan Esl\u00f6v den 8 december klockan 18:00-19:30.","og_url":"https:\/\/mittnordvast.se\/en\/kalenderpost\/foredrag-om-hitta-hem-i-mitt-nordvast-hos-studieforbundet-vuxenskolan-eslov\/","og_site_name":"Leader Sk\u00e5ne Mitt Nordv\u00e4st","article_modified_time":"2026-08-17T12:09:13+00:00","og_image":[{"width":2560,"height":1707,"url":"https:\/\/mittnordvast.se\/wp-content\/uploads\/sites\/31\/2026\/06\/DSC02918-scaled.jpg","type":"image\/jpeg"}],"twitter_card":"summary_large_image","twitter_misc":{"Est. reading time":"2 minutes"},"schema":{"@context":"https:\/\/schema.org","@graph":[{"@type":"WebPage","@id":"https:\/\/mittnordvast.se\/kalenderpost\/foredrag-om-hitta-hem-i-mitt-nordvast-hos-studieforbundet-vuxenskolan-eslov\/","url":"https:\/\/mittnordvast.se\/kalenderpost\/foredrag-om-hitta-hem-i-mitt-nordvast-hos-studieforbundet-vuxenskolan-eslov\/","name":"F\u00f6redrag om Hitta Hem i Mitt Nordv\u00e4st hos Studief\u00f6rbundet Vuxenskolan Esl\u00f6v - Leader Sk\u00e5ne Mitt Nordv\u00e4st","isPartOf":{"@id":"https:\/\/mittnordvast.se\/#website"},"primaryImageOfPage":{"@id":"https:\/\/mittnordvast.se\/kalenderpost\/foredrag-om-hitta-hem-i-mitt-nordvast-hos-studieforbundet-vuxenskolan-eslov\/#primaryimage"},"image":{"@id":"https:\/\/mittnordvast.se\/kalenderpost\/foredrag-om-hitta-hem-i-mitt-nordvast-hos-studieforbundet-vuxenskolan-eslov\/#primaryimage"},"thumbnailUrl":"https:\/\/mittnordvast.se\/wp-content\/uploads\/sites\/31\/2026\/06\/DSC02918-scaled.jpg","datePublished":"2026-06-30T11:12:11+00:00","dateModified":"2026-08-17T12:09:13+00:00","description":"Welcome to a lecture about Find Home in My Northwest and vacant houses at the Adult Education Association Esl\u00f6v on December 8 at 18:00-19:30.","breadcrumb":{"@id":"https:\/\/mittnordvast.se\/kalenderpost\/foredrag-om-hitta-hem-i-mitt-nordvast-hos-studieforbundet-vuxenskolan-eslov\/#breadcrumb"},"inLanguage":"en-US","potentialAction":[{"@type":"ReadAction","target":["https:\/\/mittnordvast.se\/kalenderpost\/foredrag-om-hitta-hem-i-mitt-nordvast-hos-studieforbundet-vuxenskolan-eslov\/"]}]},{"@type":"ImageObject","inLanguage":"en-US","@id":"https:\/\/mittnordvast.se\/kalenderpost\/foredrag-om-hitta-hem-i-mitt-nordvast-hos-studieforbundet-vuxenskolan-eslov\/#primaryimage","url":"https:\/\/mittnordvast.se\/wp-content\/uploads\/sites\/31\/2026\/06\/DSC02918-scaled.jpg","contentUrl":"https:\/\/mittnordvast.se\/wp-content\/uploads\/sites\/31\/2026\/06\/DSC02918-scaled.jpg","width":2560,"height":1707},{"@type":"BreadcrumbList","@id":"https:\/\/mittnordvast.se\/kalenderpost\/foredrag-om-hitta-hem-i-mitt-nordvast-hos-studieforbundet-vuxenskolan-eslov\/#breadcrumb","itemListElement":[{"@type":"ListItem","position":1,"name":"Hem","item":"https:\/\/mittnordvast.se\/"},{"@type":"ListItem","position":2,"name":"F\u00f6redrag om Hitta Hem i Mitt Nordv\u00e4st hos Studief\u00f6rbundet Vuxenskolan Esl\u00f6v"}]},{"@type":"WebSite","@id":"https:\/\/mittnordvast.se\/#website","url":"https:\/\/mittnordvast.se\/","name":"Leader Sk\u00e5ne My Northwest","description":"","potentialAction":[{"@type":"SearchAction","target":{"@type":"EntryPoint","urlTemplate":"https:\/\/mittnordvast.se\/?s={search_term_string}"},"query-input":{"@type":"PropertyValueSpecification","valueRequired":true,"valueName":"search_term_string"}}],"inLanguage":"en-US"}]}},"_links":{"self":[{"href":"https:\/\/mittnordvast.se\/en\/wp-json\/wp\/v2\/kalenderpost\/5347","targetHints":{"allow":["GET"]}}],"collection":[{"href":"https:\/\/mittnordvast.se\/en\/wp-json\/wp\/v2\/kalenderpost"}],"about":[{"href":"https:\/\/mittnordvast.se\/en\/wp-json\/wp\/v2\/types\/kalenderpost"}],"version-history":[{"count":6,"href":"https:\/\/mittnordvast.se\/en\/wp-json\/wp\/v2\/kalenderpost\/5347\/revisions"}],"predecessor-version":[{"id":5622,"href":"https:\/\/mittnordvast.se\/en\/wp-json\/wp\/v2\/kalenderpost\/5347\/revisions\/5622"}],"wp:featuredmedia":[{"embeddable":true,"href":"https:\/\/mittnordvast.se\/en\/wp-json\/wp\/v2\/media\/5344"}],"wp:attachment":[{"href":"https:\/\/mittnordvast.se\/en\/wp-json\/wp\/v2\/media?parent=5347"}],"curies":[{"name":"wp","href":"https:\/\/api.w.org\/{rel}","templated":true}]}}